{"id":114280,"date":"2022-08-03T15:08:44","date_gmt":"2022-08-03T13:08:44","guid":{"rendered":"https:\/\/www.valmorel.com\/fete-du-parc-thermal\/"},"modified":"2025-04-02T15:55:55","modified_gmt":"2025-04-02T13:55:55","slug":"fete-du-parc-thermal","status":"publish","type":"post","link":"https:\/\/www.valmorel.com\/en\/fete-du-parc-thermal\/","title":{"rendered":"F\u00eate du Parc Thermal"},"content":{"rendered":"<div class=\"wpb-content-wrapper\"><p>[vc_row][vc_column][vc_column_text]<\/p>\n<h1>F\u00eate du Parc &#8211; La L\u00e9ch\u00e8re-les-Bains<\/h1>\n<h2 class=\"chapeau\">Samedi 09 ao\u00fbt 2025<\/h2>\n<p>[\/vc_column_text][\/vc_column][\/vc_row][vc_row][vc_column width=&#8221;1\/2&#8243;][vc_single_image image=&#8221;101864&#8243; img_size=&#8221;medium&#8221; style=&#8221;img_valmo1&#8243;][\/vc_column][vc_column width=&#8221;1\/2&#8243;][vc_column_text]<\/p>\n<p style=\"text-align: left;\"><strong>Come and enjoy a festive day at La L\u00e9ch\u00e8re-les-Bains!<\/strong><\/p>\n<p style=\"text-align: left;\"><strong>2025 Program<\/strong><\/p>\n<ul style=\"text-align: left;\">\n<li>Children&#8217;s games<\/li>\n<li>6 PM: Traditional Savoyard dance and costume show<\/li>\n<li>7 PM: Aperitif offered by the Thermes<\/li>\n<li>7:30 PM: Dinner prepared by L\u2019O \u00e0 la Bouche at Radiana (registration at the Tourist Office)<\/li>\n<li>8:30 PM: Show by Dalida look-alike!<\/li>\n<li>10:30 PM: Fireworks<\/li>\n<\/ul>\n<p style=\"text-align: left;\"><strong>Practical Information<\/strong><\/p>\n<ul>\n<li style=\"text-align: left;\">Reservations at the tourist office or call 04 79 22 51 60<\/li>\n<\/ul>\n<p>[\/vc_column_text][\/vc_column][\/vc_row][vc_row][vc_column][vc_empty_space height=&#8221;70px&#8221;][vc_btn title=&#8221;Download the 2024 program&#8221; style=&#8221;valmo&#8221; color=&#8221;rougeval&#8221; align=&#8221;center&#8221; link=&#8221;url:https%3A%2F%2Fwww.valmorel.com%2Fwp-content%2Fuploads%2F2024%2F07%2FFete-du-Parc-2024-v2.pdf|target:_blank&#8221; el_class=&#8221;hide&#8221;][\/vc_column][\/vc_row]<\/p>\n<\/div>","protected":false},"excerpt":{"rendered":"<p>[vc_row][vc_column][vc_column_text] F\u00eate du Parc &#8211; La L\u00e9ch\u00e8re-les-Bains Samedi 09 ao\u00fbt 2025 [\/vc_column_text][\/vc_column][\/vc_row][vc_row][vc_column width=&#8221;1\/2&#8243;][vc_single_image image=&#8221;101864&#8243; img_size=&#8221;medium&#8221; style=&#8221;img_valmo1&#8243;][\/vc_column][vc_column width=&#8221;1\/2&#8243;][vc_column_text] Come and enjoy a festive day at La L\u00e9ch\u00e8re-les-Bains! 2025 Program Children&#8217;s games 6 PM: Traditional Savoyard dance and costume show 7 PM: Aperitif offered by the Thermes 7:30 PM: Dinner prepared by L\u2019O \u00e0 la Bouche at [&hellip;]<\/p>\n","protected":false},"author":3,"featured_media":101870,"comment_status":"closed","ping_status":"closed","sticky":false,"template":"","format":"standard","meta":{"_acf_changed":false,"footnotes":""},"categories":[390],"tags":[],"class_list":["post-114280","post","type-post","status-publish","format-standard","has-post-thumbnail","hentry","category-evenements-ete-en"],"acf":[],"_links":{"self":[{"href":"https:\/\/www.valmorel.com\/en\/wp-json\/wp\/v2\/posts\/114280","targetHints":{"allow":["GET"]}}],"collection":[{"href":"https:\/\/www.valmorel.com\/en\/wp-json\/wp\/v2\/posts"}],"about":[{"href":"https:\/\/www.valmorel.com\/en\/wp-json\/wp\/v2\/types\/post"}],"author":[{"embeddable":true,"href":"https:\/\/www.valmorel.com\/en\/wp-json\/wp\/v2\/users\/3"}],"replies":[{"embeddable":true,"href":"https:\/\/www.valmorel.com\/en\/wp-json\/wp\/v2\/comments?post=114280"}],"version-history":[{"count":3,"href":"https:\/\/www.valmorel.com\/en\/wp-json\/wp\/v2\/posts\/114280\/revisions"}],"predecessor-version":[{"id":116630,"href":"https:\/\/www.valmorel.com\/en\/wp-json\/wp\/v2\/posts\/114280\/revisions\/116630"}],"wp:featuredmedia":[{"embeddable":true,"href":"https:\/\/www.valmorel.com\/en\/wp-json\/wp\/v2\/media\/101870"}],"wp:attachment":[{"href":"https:\/\/www.valmorel.com\/en\/wp-json\/wp\/v2\/media?parent=114280"}],"wp:term":[{"taxonomy":"category","embeddable":true,"href":"https:\/\/www.valmorel.com\/en\/wp-json\/wp\/v2\/categories?post=114280"},{"taxonomy":"post_tag","embeddable":true,"href":"https:\/\/www.valmorel.com\/en\/wp-json\/wp\/v2\/tags?post=114280"}],"curies":[{"name":"wp","href":"https:\/\/api.w.org\/{rel}","templated":true}]}}