{"id":114289,"date":"2022-07-11T14:04:32","date_gmt":"2022-07-11T12:04:32","guid":{"rendered":"https:\/\/www.valmorel.com\/fete-nationale\/"},"modified":"2025-05-23T16:24:37","modified_gmt":"2025-05-23T14:24:37","slug":"fete-nationale","status":"publish","type":"post","link":"https:\/\/www.valmorel.com\/en\/fete-nationale\/","title":{"rendered":"F\u00eate Nationale"},"content":{"rendered":"<div class=\"wpb-content-wrapper\"><p>[vc_row][vc_column][vc_column_text]<\/p>\n<h2>Venez c\u00e9l\u00e9brer la F\u00eate Nationale \u00e0 Valmorel &amp; Doucy !<\/h2>\n<p>[\/vc_column_text][\/vc_column][\/vc_row][vc_row][vc_column width=&#8221;1\/2&#8243;][vc_single_image image=&#8221;113623&#8243; img_size=&#8221;medium&#8221; style=&#8221;img_valmo1&#8243;][\/vc_column][vc_column width=&#8221;1\/2&#8243;][vc_column_text]<\/p>\n<h3 style=\"text-align: left;\">A Valmorel &#8211; 13 juillet<\/h3>\n<p>\ud83d\udccd <strong data-start=\"104\" data-end=\"137\">Meeting point: Place du Bourg<\/strong><br data-start=\"137\" data-end=\"140\" \/>\ud83d\udd55 From 6:00\u202fpm: Concert by &#8230; <em data-start=\"172\" data-end=\"198\">(artist to be announced)<\/em><br data-start=\"198\" data-end=\"201\" \/>\ud83c\udf86 10:45\u202fpm: Fireworks<br data-start=\"223\" data-end=\"226\" \/>\ud83c\udfa7 11:00\u202fpm: DJ set with <strong data-start=\"251\" data-end=\"265\" data-is-only-node=\"\">DJ Mr Matt<\/strong>[\/vc_column_text][vc_column_text]<\/p>\n<h3 style=\"text-align: left;\">A Doucy &#8211; 14 juillet<\/h3>\n<p>\ud83d\udccd <strong data-start=\"140\" data-end=\"165\">Meet at the Placette!<\/strong><br data-start=\"165\" data-end=\"168\" \/>\ud83d\udd64 9:30\u202fpm to 12:30\u202fam: 90s\/2000s Party with <strong data-start=\"213\" data-end=\"231\">Pili Pili 2500<\/strong><br data-start=\"231\" data-end=\"234\" \/>\ud83c\udf86 11:00\u202fpm: Grand Fireworks Display[\/vc_column_text][\/vc_column][\/vc_row][vc_row][vc_column][\/vc_column][\/vc_row]<\/p>\n<\/div>","protected":false},"excerpt":{"rendered":"<p>[vc_row][vc_column][vc_column_text] Venez c\u00e9l\u00e9brer la F\u00eate Nationale \u00e0 Valmorel &amp; Doucy ! [\/vc_column_text][\/vc_column][\/vc_row][vc_row][vc_column width=&#8221;1\/2&#8243;][vc_single_image image=&#8221;113623&#8243; img_size=&#8221;medium&#8221; style=&#8221;img_valmo1&#8243;][\/vc_column][vc_column width=&#8221;1\/2&#8243;][vc_column_text] A Valmorel &#8211; 13 juillet \ud83d\udccd Meeting point: Place du Bourg\ud83d\udd55 From 6:00\u202fpm: Concert by &#8230; (artist to be announced)\ud83c\udf86 10:45\u202fpm: Fireworks\ud83c\udfa7 11:00\u202fpm: DJ set with DJ Mr Matt[\/vc_column_text][vc_column_text] A Doucy &#8211; 14 juillet \ud83d\udccd Meet at the [&hellip;]<\/p>\n","protected":false},"author":3,"featured_media":101556,"comment_status":"closed","ping_status":"closed","sticky":false,"template":"","format":"standard","meta":{"_acf_changed":false,"footnotes":""},"categories":[390],"tags":[],"class_list":["post-114289","post","type-post","status-publish","format-standard","has-post-thumbnail","hentry","category-evenements-ete-en"],"acf":[],"_links":{"self":[{"href":"https:\/\/www.valmorel.com\/en\/wp-json\/wp\/v2\/posts\/114289","targetHints":{"allow":["GET"]}}],"collection":[{"href":"https:\/\/www.valmorel.com\/en\/wp-json\/wp\/v2\/posts"}],"about":[{"href":"https:\/\/www.valmorel.com\/en\/wp-json\/wp\/v2\/types\/post"}],"author":[{"embeddable":true,"href":"https:\/\/www.valmorel.com\/en\/wp-json\/wp\/v2\/users\/3"}],"replies":[{"embeddable":true,"href":"https:\/\/www.valmorel.com\/en\/wp-json\/wp\/v2\/comments?post=114289"}],"version-history":[{"count":3,"href":"https:\/\/www.valmorel.com\/en\/wp-json\/wp\/v2\/posts\/114289\/revisions"}],"predecessor-version":[{"id":117100,"href":"https:\/\/www.valmorel.com\/en\/wp-json\/wp\/v2\/posts\/114289\/revisions\/117100"}],"wp:featuredmedia":[{"embeddable":true,"href":"https:\/\/www.valmorel.com\/en\/wp-json\/wp\/v2\/media\/101556"}],"wp:attachment":[{"href":"https:\/\/www.valmorel.com\/en\/wp-json\/wp\/v2\/media?parent=114289"}],"wp:term":[{"taxonomy":"category","embeddable":true,"href":"https:\/\/www.valmorel.com\/en\/wp-json\/wp\/v2\/categories?post=114289"},{"taxonomy":"post_tag","embeddable":true,"href":"https:\/\/www.valmorel.com\/en\/wp-json\/wp\/v2\/tags?post=114289"}],"curies":[{"name":"wp","href":"https:\/\/api.w.org\/{rel}","templated":true}]}}