{"id":117847,"date":"2025-09-22T11:01:46","date_gmt":"2025-09-22T09:01:46","guid":{"rendered":"https:\/\/www.valmorel.com\/?p=117847"},"modified":"2026-09-04T08:51:51","modified_gmt":"2026-09-04T06:51:51","slug":"que-faire-a-valmorel-en-automne","status":"publish","type":"post","link":"https:\/\/www.valmorel.com\/en\/que-faire-a-valmorel-en-automne\/","title":{"rendered":"Que faire \u00e0 Valmorel en automne ?"},"content":{"rendered":"<div class=\"wpb-content-wrapper\"><p>[vc_row][vc_column][vc_column_text]<\/p>\n<h1 data-start=\"145\" data-end=\"185\">Que faire \u00e0 Valmorel en automne ?<\/h1>\n<p data-start=\"187\" data-end=\"376\">M\u00eame hors saison, Valmorel et ses environs proposent de nombreuses activit\u00e9s sportives, bien-\u00eatre, culturelles et gourmandes. Voici un aper\u00e7u de ce que vous pouvez d\u00e9couvrir \u00e0 l\u2019automne :<\/p>\n<p>[\/vc_column_text][\/vc_column][\/vc_row][vc_row][vc_column][vc_empty_space][\/vc_column][\/vc_row][vc_row][vc_column width=&#8221;1\/2&#8243;][vc_empty_space][vc_column_text css=&#8221;&#8221;]<\/p>\n<h4 style=\"text-align: left;\" data-start=\"383\" data-end=\"409\">Activit\u00e9s sportives<\/h4>\n<ul data-start=\"410\" data-end=\"847\">\n<li data-start=\"410\" data-end=\"479\">\n<p data-start=\"412\" data-end=\"479\"><strong data-start=\"412\" data-end=\"434\">Terrains de tennis<\/strong> (quartier du Mottet) \u2013 jusqu\u2019aux premi\u00e8res neiges<\/p>\n<\/li>\n<li data-start=\"480\" data-end=\"543\">\n<p data-start=\"482\" data-end=\"543\"><strong data-start=\"482\" data-end=\"505\">Tables de ping-pong<\/strong> (tour du T\u00e9l\u00e9bourg) \u2013 toute l\u2019ann\u00e9e<\/p>\n<\/li>\n<li data-start=\"544\" data-end=\"615\">\n<p data-start=\"546\" data-end=\"615\"><strong data-start=\"546\" data-end=\"569\">Terrain multisports<\/strong> (quartier Cr\u00e8ve-C\u0153ur) \u2013 jusqu\u2019aux premi\u00e8res neiges<\/p>\n<\/li>\n<li data-start=\"616\" data-end=\"704\">\n<p data-start=\"618\" data-end=\"704\"><strong data-start=\"618\" data-end=\"642\">Terrains de p\u00e9tanque<\/strong> (Mottet et th\u00e9\u00e2tre de verdure) \u2013 jusqu\u2019aux premi\u00e8res neiges<\/p>\n<\/li>\n<li data-start=\"705\" data-end=\"785\">\n<p data-start=\"707\" data-end=\"785\"><strong data-start=\"707\" data-end=\"737\">Aires de jeux pour enfants<\/strong> (Cr\u00e8ve-C\u0153ur et piste de luge) \u2013 toute l\u2019ann\u00e9e<\/p>\n<\/li>\n<li data-start=\"705\" data-end=\"785\"><strong>Piscine du Morel<\/strong> &#8211; Grand-Aigueblanche &#8211; <a href=\"https:\/\/www.piscinedumorel.com\/\" target=\"_blank\" rel=\"noopener\">infos ici<\/a><\/li>\n<li data-start=\"705\" data-end=\"785\"><strong>Valmo&#8217;Trott &#8211;<\/strong> (Valmorel) Ouvert toute l&#8217;ann\u00e9e &#8211; <a href=\"https:\/\/www.valmo-insolite.fr\/valmotrott\/\" target=\"_blank\" rel=\"noopener\">infos ici<\/a><\/li>\n<li data-start=\"705\" data-end=\"785\"><strong>Eaux vives<\/strong> &#8211; (Vall\u00e9e) Rafting, canyoning &#8230;. &#8211; <a href=\"https:\/\/www.valmorel.com\/activites-ete\/eaux-vives\/\" target=\"_blank\" rel=\"noopener\">infos ici<\/a><\/li>\n<li data-start=\"705\" data-end=\"785\"><strong>Randonn\u00e9es<\/strong> &#8211; (Valmorel &amp; alentours) &#8211; <a href=\"https:\/\/rando.valmorel.com\/\" target=\"_blank\" rel=\"noopener\">infos ici<\/a><\/li>\n<li data-start=\"705\" data-end=\"785\"><strong>Parcours VAE<\/strong> &#8211; (Valmorel) &#8211;<a href=\"https:\/\/www.valmorel.com\/activites-ete\/bikepark-vtt-cyclos\/parcours-vae\/\" target=\"_blank\" rel=\"noopener\"> infos ici<\/a><\/li>\n<li data-start=\"705\" data-end=\"785\"><strong>Balades \u00e0 cheval<\/strong> &#8211; <a href=\"https:\/\/www.valmorel.com\/cours-dequitation\/\" target=\"_blank\" rel=\"noopener\">infos ici<\/a><\/li>\n<\/ul>\n<p>[\/vc_column_text][vc_separator][vc_column_text]<\/p>\n<h3 style=\"text-align: left;\" data-start=\"854\" data-end=\"874\">Bien-\u00eatre<\/h3>\n<p data-start=\"875\" data-end=\"952\">Profitez d\u2019un moment de d\u00e9tente avec les praticiens et th\u00e9rapeutes locaux :<\/p>\n<ul data-start=\"953\" data-end=\"1169\">\n<li data-start=\"953\" data-end=\"1039\">\n<p data-start=\"955\" data-end=\"1039\">Massages, r\u00e9flexologie, \u00e9nerg\u00e9tique, naturopathie, ost\u00e9opathie, m\u00e9decine chinoise\u2026<\/p>\n<\/li>\n<li data-start=\"1040\" data-end=\"1108\">\n<p data-start=\"1042\" data-end=\"1108\">Yoga avec <strong data-start=\"1052\" data-end=\"1070\">3 Vall\u00e9es Yoga<\/strong> (cours aux Avanchers ou \u00e0 domicile)<\/p>\n<\/li>\n<li data-start=\"1109\" data-end=\"1169\">\n<p data-start=\"1111\" data-end=\"1169\">Soins bien-\u00eatre et massages \u00e0 domicile ou \u00e0 Aigueblanche<\/p>\n<\/li>\n<\/ul>\n<p data-start=\"1171\" data-end=\"1235\">\ud83d\udc49 <a href=\"https:\/\/www.valmorel.com\/activites-hiver\/spa-bien-etre\/\" target=\"_blank\" rel=\"noopener\">Contacts et r\u00e9servations directement aupr\u00e8s des praticiens. ici<\/a><\/p>\n<p>[\/vc_column_text][vc_separator][vc_column_text css=&#8221;&#8221;]<\/p>\n<h3 style=\"text-align: left;\" data-start=\"1242\" data-end=\"1271\">Patrimoine &amp; culture<\/h3>\n<ul data-start=\"1272\" data-end=\"1590\">\n<li data-start=\"1272\" data-end=\"1359\">\n<p data-start=\"1274\" data-end=\"1359\"><strong data-start=\"1274\" data-end=\"1292\">Moulin \u00e0 huile<\/strong> (Aigueblanche) \u2013 visites les vendredis \u00e0 14h, jusqu\u2019\u00e0 mi-octobre<\/p>\n<\/li>\n<li data-start=\"1360\" data-end=\"1436\">\n<p data-start=\"1362\" data-end=\"1436\"><strong data-start=\"1362\" data-end=\"1384\">\u00c9glise Saint-Andr\u00e9<\/strong> (Les Avanchers) \u2013 visites sur demande \u00e0 la mairie<\/p>\n<\/li>\n<li data-start=\"1437\" data-end=\"1527\">\n<p data-start=\"1439\" data-end=\"1527\"><strong data-start=\"1439\" data-end=\"1467\">Mus\u00e9e Espace Patrimonial<\/strong> (Les Avanchers) \u2013 ouvert en semaine + mercredi apr\u00e8s-midi<\/p>\n<\/li>\n<li data-start=\"1528\" data-end=\"1590\">\n<p data-start=\"1530\" data-end=\"1590\"><strong data-start=\"1530\" data-end=\"1547\">Mus\u00e9e d\u2019Antan<\/strong> (Doucy-Raclaz) \u2013 visites sur r\u00e9servation<\/p>\n<\/li>\n<li data-start=\"1528\" data-end=\"1590\"><strong>Echo des \u00e9toiles<\/strong> &#8211; <a href=\"https:\/\/www.valmorel.com\/mettre-la-tete-dans-les-etoiles\/\" target=\"_blank\" rel=\"noopener\">infos ici<\/a><\/li>\n<\/ul>\n<p>[\/vc_column_text][\/vc_column][vc_column width=&#8221;1\/2&#8243;][vc_single_image image=&#8221;117869&#8243; img_size=&#8221;medium&#8221;][\/vc_column][\/vc_row][vc_row][vc_column][vc_empty_space][\/vc_column][\/vc_row][vc_row][vc_column width=&#8221;1\/2&#8243;][vc_single_image image=&#8221;117861&#8243; img_size=&#8221;large&#8221;][\/vc_column][vc_column width=&#8221;1\/2&#8243;][vc_empty_space height=&#8221;16px&#8221;][vc_column_text]<\/p>\n<h3 style=\"text-align: left;\" data-start=\"1597\" data-end=\"1625\">Animations &amp; d\u00e9tente<\/h3>\n<ul data-start=\"1626\" data-end=\"1840\">\n<li data-start=\"1626\" data-end=\"1763\">\n<p data-start=\"1628\" data-end=\"1763\"><strong data-start=\"1628\" data-end=\"1672\">Station thermale de La L\u00e9ch\u00e8re-les-Bains<\/strong> \u2013 ouverte jusqu\u2019\u00e0 mi-octobre, animations tous les mardis soirs et activit\u00e9s quotidiennes<\/p>\n<\/li>\n<li data-start=\"1764\" data-end=\"1840\">\n<p data-start=\"1766\" data-end=\"1840\"><strong data-start=\"1766\" data-end=\"1786\">Spa \u00d5 des Lauzes<\/strong> (La L\u00e9ch\u00e8re-les-Bains) \u2013 ouvert jusqu\u2019au 19 octobre<\/p>\n<\/li>\n<li data-start=\"1764\" data-end=\"1840\"><strong>Canopy Park<\/strong> &#8211; <a href=\"https:\/\/www.canopy-park.com\/\" target=\"_blank\" rel=\"noopener\">Plus d&#8217;infos ici<\/a><\/li>\n<\/ul>\n<p>[\/vc_column_text][vc_separator][vc_column_text css=&#8221;&#8221;]<\/p>\n<h3 style=\"text-align: left;\" data-start=\"1847\" data-end=\"1866\">Restaurants<\/h3>\n<ul data-start=\"1867\" data-end=\"2129\">\n<li data-start=\"1867\" data-end=\"1921\">\n<p data-start=\"1869\" data-end=\"1921\"><strong data-start=\"1869\" data-end=\"1884\">La Terrasse<\/strong> (Valmorel) \u2013 jusqu\u2019au 11 septembre inclus<\/p>\n<\/li>\n<li data-start=\"1922\" data-end=\"2004\">\n<p data-start=\"1924\" data-end=\"2004\"><strong data-start=\"1924\" data-end=\"1940\">Les Clarines<\/strong> (La Charmette village) \u2013 A partir du 01 octobre<\/p>\n<\/li>\n<li data-start=\"2005\" data-end=\"2129\">\n<p data-start=\"2007\" data-end=\"2129\"><strong data-start=\"2007\" data-end=\"2033\">Auberge du Cheval Noir<\/strong> (Les Avanchers) \u2013 bar ouvert toute l\u2019ann\u00e9e, restauration du lundi au vendredi midi en automne (r\u00e9servation conseill\u00e9e)<\/p>\n<\/li>\n<\/ul>\n<p>[\/vc_column_text][\/vc_column][\/vc_row][vc_row][vc_column][vc_empty_space][\/vc_column][\/vc_row][vc_row][vc_column width=&#8221;1\/2&#8243;][vc_column_text]<\/p>\n<h3 style=\"text-align: left;\" data-start=\"2136\" data-end=\"2169\">\u00c0 d\u00e9couvrir aux alentours<\/h3>\n<ul data-start=\"2170\" data-end=\"2423\">\n<li data-start=\"2170\" data-end=\"2229\">\n<p data-start=\"2172\" data-end=\"2229\"><strong data-start=\"2172\" data-end=\"2195\">Parcours street art<\/strong> (Mo\u00fbtiers) \u2013 Office de Tourisme<\/p>\n<\/li>\n<li data-start=\"2230\" data-end=\"2297\">\n<p data-start=\"2232\" data-end=\"2297\"><strong data-start=\"2232\" data-end=\"2259\">Coop\u00e9rative de Beaufort<\/strong> (Mo\u00fbtiers) \u2013 visite sur r\u00e9servation<\/p>\n<\/li>\n<li data-start=\"2298\" data-end=\"2336\">\n<p data-start=\"2300\" data-end=\"2336\"><strong data-start=\"2300\" data-end=\"2323\">Mus\u00e9e du Patrimoine<\/strong> (Mo\u00fbtiers)<\/p>\n<\/li>\n<li data-start=\"2337\" data-end=\"2423\">\n<p data-start=\"2339\" data-end=\"2423\"><strong data-start=\"2339\" data-end=\"2369\">Chemin artistique Land\u2019Art<\/strong> (Hautecour) \u2013 libre acc\u00e8s, sentiers courts et longs<\/p>\n<\/li>\n<\/ul>\n<p>[\/vc_column_text][vc_separator][vc_column_text]<\/p>\n<h3 style=\"text-align: left;\" data-start=\"2430\" data-end=\"2450\">Les march\u00e9s<\/h3>\n<ul data-start=\"2451\" data-end=\"2581\">\n<li data-start=\"2451\" data-end=\"2517\">\n<p data-start=\"2453\" data-end=\"2517\"><strong data-start=\"2453\" data-end=\"2477\">La L\u00e9ch\u00e8re-les-Bains<\/strong> : tous les lundis, jusqu\u2019\u00e0 mi-octobre<\/p>\n<\/li>\n<li data-start=\"2518\" data-end=\"2581\">\n<p data-start=\"2520\" data-end=\"2581\"><strong data-start=\"2520\" data-end=\"2532\">Mo\u00fbtiers<\/strong> : les mardis et vendredis matin, toute l\u2019ann\u00e9e<\/p>\n<\/li>\n<\/ul>\n<p>[\/vc_column_text][vc_separator][vc_column_text]<\/p>\n<p data-start=\"2588\" data-end=\"2757\">\ud83d\udc49 L\u2019automne \u00e0 Valmorel, c\u2019est l\u2019occasion parfaite pour profiter du calme, d\u00e9couvrir le patrimoine, se ressourcer au spa et pr\u00e9parer doucement l\u2019arriv\u00e9e de l\u2019hiver \u2744\ufe0f.<\/p>\n<p>[\/vc_column_text][\/vc_column][vc_column width=&#8221;1\/2&#8243;][vc_single_image image=&#8221;117864&#8243; img_size=&#8221;large&#8221;][\/vc_column][\/vc_row]<\/p>\n<\/div>","protected":false},"excerpt":{"rendered":"<p>[vc_row][vc_column][vc_column_text] Que faire \u00e0 Valmorel en automne ? M\u00eame hors saison, Valmorel et ses environs proposent de nombreuses activit\u00e9s sportives, bien-\u00eatre, culturelles et gourmandes. Voici un aper\u00e7u de ce que vous pouvez d\u00e9couvrir \u00e0 l\u2019automne : [\/vc_column_text][\/vc_column][\/vc_row][vc_row][vc_column][vc_empty_space][\/vc_column][\/vc_row][vc_row][vc_column width=&#8221;1\/2&#8243;][vc_empty_space][vc_column_text css=&#8221;&#8221;] Activit\u00e9s sportives Terrains de tennis (quartier du Mottet) \u2013 jusqu\u2019aux premi\u00e8res neiges Tables de ping-pong (tour [&hellip;]<\/p>\n","protected":false},"author":19,"featured_media":117858,"comment_status":"closed","ping_status":"closed","sticky":false,"template":"","format":"standard","meta":{"_acf_changed":false,"footnotes":""},"categories":[1192],"tags":[],"class_list":["post-117847","post","type-post","status-publish","format-standard","has-post-thumbnail","hentry","category-blog"],"acf":[],"_links":{"self":[{"href":"https:\/\/www.valmorel.com\/en\/wp-json\/wp\/v2\/posts\/117847","targetHints":{"allow":["GET"]}}],"collection":[{"href":"https:\/\/www.valmorel.com\/en\/wp-json\/wp\/v2\/posts"}],"about":[{"href":"https:\/\/www.valmorel.com\/en\/wp-json\/wp\/v2\/types\/post"}],"author":[{"embeddable":true,"href":"https:\/\/www.valmorel.com\/en\/wp-json\/wp\/v2\/users\/19"}],"replies":[{"embeddable":true,"href":"https:\/\/www.valmorel.com\/en\/wp-json\/wp\/v2\/comments?post=117847"}],"version-history":[{"count":4,"href":"https:\/\/www.valmorel.com\/en\/wp-json\/wp\/v2\/posts\/117847\/revisions"}],"predecessor-version":[{"id":120502,"href":"https:\/\/www.valmorel.com\/en\/wp-json\/wp\/v2\/posts\/117847\/revisions\/120502"}],"wp:featuredmedia":[{"embeddable":true,"href":"https:\/\/www.valmorel.com\/en\/wp-json\/wp\/v2\/media\/117858"}],"wp:attachment":[{"href":"https:\/\/www.valmorel.com\/en\/wp-json\/wp\/v2\/media?parent=117847"}],"wp:term":[{"taxonomy":"category","embeddable":true,"href":"https:\/\/www.valmorel.com\/en\/wp-json\/wp\/v2\/categories?post=117847"},{"taxonomy":"post_tag","embeddable":true,"href":"https:\/\/www.valmorel.com\/en\/wp-json\/wp\/v2\/tags?post=117847"}],"curies":[{"name":"wp","href":"https:\/\/api.w.org\/{rel}","templated":true}]}}