{"id":114279,"date":"2022-08-03T15:08:44","date_gmt":"2022-08-03T13:08:44","guid":{"rendered":"https:\/\/www.valmorel.com\/fete-du-parc-thermal\/"},"modified":"2025-04-02T15:57:54","modified_gmt":"2025-04-02T13:57:54","slug":"fete-du-parc-thermal","status":"publish","type":"post","link":"https:\/\/www.valmorel.com\/nl\/fete-du-parc-thermal\/","title":{"rendered":"F\u00eate du Parc Thermal"},"content":{"rendered":"<div class=\"wpb-content-wrapper\"><p>[vc_row][vc_column][vc_column_text]<\/p>\n<h1>F\u00eate du Parc &#8211; La L\u00e9ch\u00e8re-les-Bains<\/h1>\n<h2 class=\"chapeau\">Samedi 09 ao\u00fbt 2025<\/h2>\n<p>[\/vc_column_text][\/vc_column][\/vc_row][vc_row][vc_column width=&#8221;1\/2&#8243;][vc_single_image image=&#8221;101864&#8243; img_size=&#8221;medium&#8221; style=&#8221;img_valmo1&#8243;][\/vc_column][vc_column width=&#8221;1\/2&#8243;][vc_column_text]<\/p>\n<p style=\"text-align: left;\"><strong>Kom en geniet van een feestelijke dag in La L\u00e9ch\u00e8re-les-Bains!<\/strong><\/p>\n<p style=\"text-align: left;\"><strong>Programma 2025<\/strong><\/p>\n<ul style=\"text-align: left;\">\n<li>Spelletjes voor kinderen<\/li>\n<li>18:00 uur: Show met traditionele Savoyaardse dansen en kostuums<\/li>\n<li>19:00 uur: Aperitief aangeboden door de Thermen<\/li>\n<li>19:30 uur: Diner bereid door L\u2019O \u00e0 la Bouche bij Radiana (inschrijving bij het VVV-kantoor)<\/li>\n<li>20:30 uur: Dalida look-alike show<\/li>\n<li>22:30 uur: Vuurwerk<\/li>\n<\/ul>\n<p style=\"text-align: left;\"><strong>Praktische Informatie<\/strong><\/p>\n<ul>\n<li style=\"text-align: left;\">Reserveringen bij het toeristenbureau of bel 04 79 22 51 60<\/li>\n<\/ul>\n<p>[\/vc_column_text][\/vc_column][\/vc_row][vc_row][vc_column][vc_empty_space height=&#8221;70px&#8221;][vc_btn title=&#8221;Download het programma van 2024&#8243; style=&#8221;valmo&#8221; color=&#8221;rougeval&#8221; align=&#8221;center&#8221; link=&#8221;url:https%3A%2F%2Fwww.valmorel.com%2Fwp-content%2Fuploads%2F2024%2F07%2FFete-du-Parc-2024-v2.pdf|target:_blank&#8221; el_class=&#8221;hide&#8221;][\/vc_column][\/vc_row]<\/p>\n<\/div>","protected":false},"excerpt":{"rendered":"<p>[vc_row][vc_column][vc_column_text] F\u00eate du Parc &#8211; La L\u00e9ch\u00e8re-les-Bains Samedi 09 ao\u00fbt 2025 [\/vc_column_text][\/vc_column][\/vc_row][vc_row][vc_column width=&#8221;1\/2&#8243;][vc_single_image image=&#8221;101864&#8243; img_size=&#8221;medium&#8221; style=&#8221;img_valmo1&#8243;][\/vc_column][vc_column width=&#8221;1\/2&#8243;][vc_column_text] Kom en geniet van een feestelijke dag in La L\u00e9ch\u00e8re-les-Bains! Programma 2025 Spelletjes voor kinderen 18:00 uur: Show met traditionele Savoyaardse dansen en kostuums 19:00 uur: Aperitief aangeboden door de Thermen 19:30 uur: Diner bereid door L\u2019O \u00e0 [&hellip;]<\/p>\n","protected":false},"author":3,"featured_media":101869,"comment_status":"closed","ping_status":"closed","sticky":false,"template":"","format":"standard","meta":{"_acf_changed":false,"footnotes":""},"categories":[410],"tags":[],"class_list":["post-114279","post","type-post","status-publish","format-standard","has-post-thumbnail","hentry","category-evenements-ete-nl"],"acf":[],"_links":{"self":[{"href":"https:\/\/www.valmorel.com\/nl\/wp-json\/wp\/v2\/posts\/114279","targetHints":{"allow":["GET"]}}],"collection":[{"href":"https:\/\/www.valmorel.com\/nl\/wp-json\/wp\/v2\/posts"}],"about":[{"href":"https:\/\/www.valmorel.com\/nl\/wp-json\/wp\/v2\/types\/post"}],"author":[{"embeddable":true,"href":"https:\/\/www.valmorel.com\/nl\/wp-json\/wp\/v2\/users\/3"}],"replies":[{"embeddable":true,"href":"https:\/\/www.valmorel.com\/nl\/wp-json\/wp\/v2\/comments?post=114279"}],"version-history":[{"count":2,"href":"https:\/\/www.valmorel.com\/nl\/wp-json\/wp\/v2\/posts\/114279\/revisions"}],"predecessor-version":[{"id":116631,"href":"https:\/\/www.valmorel.com\/nl\/wp-json\/wp\/v2\/posts\/114279\/revisions\/116631"}],"wp:featuredmedia":[{"embeddable":true,"href":"https:\/\/www.valmorel.com\/nl\/wp-json\/wp\/v2\/media\/101869"}],"wp:attachment":[{"href":"https:\/\/www.valmorel.com\/nl\/wp-json\/wp\/v2\/media?parent=114279"}],"wp:term":[{"taxonomy":"category","embeddable":true,"href":"https:\/\/www.valmorel.com\/nl\/wp-json\/wp\/v2\/categories?post=114279"},{"taxonomy":"post_tag","embeddable":true,"href":"https:\/\/www.valmorel.com\/nl\/wp-json\/wp\/v2\/tags?post=114279"}],"curies":[{"name":"wp","href":"https:\/\/api.w.org\/{rel}","templated":true}]}}